{"id":8848,"date":"2025-08-12T13:29:02","date_gmt":"2025-08-12T11:29:02","guid":{"rendered":"https:\/\/wfdb.eu\/?p=8848"},"modified":"2025-08-12T14:08:59","modified_gmt":"2025-08-12T12:08:59","slug":"wfdb-youth-committee-publishes-manifesto-on-international-youth-day-2025","status":"publish","type":"post","link":"https:\/\/wfdb.eu\/2025\/08\/12\/wfdb-youth-committee-publishes-manifesto-on-international-youth-day-2025\/","title":{"rendered":"El Comit\u00e9 Juvenil de WFDB Publica un Manifiesto en el D\u00eda Internacional de la Juventud 2025"},"content":{"rendered":"<p data-start=\"215\" data-end=\"668\">En este D\u00eda Internacional de la Juventud 2025, la Federaci\u00f3n Mundial de Personas con Sordoceguera (WFDB) destaca con orgullo las voces de los j\u00f3venes con sordoceguera en todo el mundo. Para conmemorar esta fecha tan importante, el Comit\u00e9 Juvenil de WFDB ha publicado un potente <a href=\"https:\/\/wfdb.eu\/wp-content\/uploads\/2025\/08\/ES_Manifesto-of-Youth-with-Deafblindness-on-International-Youth-Day-2025-FINAL.pdf\"><strong data-start=\"505\" data-end=\"551\">Manifiesto de la Juventud con Sordoceguera<\/strong><\/a>, en el que se establecen sus principios, demandas y compromisos para construir un mundo m\u00e1s inclusivo y accesible.<\/p>\n<p data-start=\"670\" data-end=\"1055\">El manifiesto se presenta pocas semanas despu\u00e9s del hist\u00f3rico reconocimiento del 27 de junio como el <a href=\"https:\/\/wfdb.eu\/es\/campana-del-dia-internacional-de-la-sordoceguera\/\"><strong data-start=\"771\" data-end=\"811\">D\u00eda Internacional de la Sordoceguera<\/strong><\/a> por parte de las Naciones Unidas en 2025. Estos hitos resaltan los desaf\u00edos y fortalezas \u00fanicos de la comunidad sordociega, y subrayan el papel fundamental que la juventud desempe\u00f1a en el impulso del desarrollo sostenible y el cambio social.<\/p>\n<p data-start=\"1057\" data-end=\"1575\">Bajo el lema \u201cAcciones Locales de la Juventud para los ODS y M\u00e1s All\u00e1\u201d, el manifiesto demanda mayor visibilidad, accesibilidad y representaci\u00f3n aut\u00e9ntica de la juventud con sordoceguera en todos los \u00e1mbitos de la vida. Tambi\u00e9n exige a gobiernos y organizaciones incluir a los j\u00f3venes sordociegos en la toma de decisiones, garantizar el pleno respeto de sus derechos bajo la Convenci\u00f3n de la ONU sobre los Derechos de las Personas con Discapacidad (CDPD) y apoyar plataformas juveniles como el Comit\u00e9 Juvenil de WFDB.<\/p>\n<p data-start=\"1577\" data-end=\"1785\">El Comit\u00e9 Juvenil de WFDB se compromete a liderar acciones locales, construir redes de apoyo entre pares y abogar incansablemente para derribar barreras y promover una cultura de inclusi\u00f3n y empoderamiento.<\/p>\n<p data-start=\"1787\" data-end=\"1889\">Puedes leer el <strong data-start=\"1802\" data-end=\"1848\">Manifiesto de la Juventud con Sordoceguera<\/strong> completo aqu\u00ed: [enlace al manifiesto].<\/p>\n<p data-start=\"1891\" data-end=\"2077\">En este D\u00eda Internacional de la Juventud, WFDB celebra la creatividad, resiliencia y liderazgo de los j\u00f3venes con sordoceguera, quienes transforman acciones locales en progreso global.<\/p>\n<p>Lee el manifiesto<\/p>\n<ul>\n<li data-start=\"168\" data-end=\"207\">\n<p data-start=\"170\" data-end=\"207\"><a href=\"https:\/\/wfdb.eu\/wp-content\/uploads\/2025\/08\/ES_Manifesto-of-Youth-with-Deafblindness-on-International-Youth-Day-2025-FINAL.pdf\">Manifiesto en espa\u00f1ol (versi\u00f3n PDF)<\/a><\/p>\n<\/li>\n<li data-start=\"208\" data-end=\"248\">\n<p data-start=\"210\" data-end=\"248\"><a href=\"https:\/\/wfdb.eu\/wp-content\/uploads\/2025\/08\/ES_Manifesto-of-Youth-with-Deafblindness-on-International-Youth-Day-2025-FINAL.docx\">Manifiesto en espa\u00f1ol (versi\u00f3n Word)<\/a><\/p>\n<\/li>\n<li data-start=\"89\" data-end=\"127\">\n<p data-start=\"91\" data-end=\"127\"><a href=\"https:\/\/wfdb.eu\/wp-content\/uploads\/2025\/08\/Manifesto-of-Youth-with-Deafblindness-on-International-Youth-Day-2025-FINAL-1.pdf\">Manifiesto en ingl\u00e9s (versi\u00f3n PDF)<\/a><\/p>\n<\/li>\n<li data-start=\"128\" data-end=\"167\">\n<p data-start=\"130\" data-end=\"167\"><a href=\"https:\/\/wfdb.eu\/wp-content\/uploads\/2025\/08\/Manifesto-of-Youth-with-Deafblindness-on-International-Youth-Day-2025-FINAL-1.docx\">Manifiesto en ingl\u00e9s (versi\u00f3n Word)<\/a><\/p>\n<\/li>\n<\/ul>\n","protected":false},"excerpt":{"rendered":"<p>En este D\u00eda Internacional de la Juventud 2025, la Federaci\u00f3n Mundial de Personas con Sordoceguera (WFDB) destaca con orgullo las voces de los j\u00f3venes con sordoceguera en todo el mundo. Para conmemorar esta fecha tan importante, el Comit\u00e9 Juvenil de WFDB ha publicado un potente Manifiesto de la Juventud con Sordoceguera, en el que se [&hellip;]<\/p>\n","protected":false},"author":5,"featured_media":8855,"comment_status":"closed","ping_status":"closed","sticky":false,"template":"","format":"standard","meta":{"_jetpack_memberships_contains_paid_content":false,"footnotes":""},"categories":[1],"tags":[],"class_list":["post-8848","post","type-post","status-publish","format-standard","has-post-thumbnail","hentry","category-news"],"jetpack_featured_media_url":"https:\/\/wfdb.eu\/wp-content\/uploads\/2025\/08\/descarga.png","jetpack_sharing_enabled":true,"_links":{"self":[{"href":"https:\/\/wfdb.eu\/wp-json\/wp\/v2\/posts\/8848","targetHints":{"allow":["GET"]}}],"collection":[{"href":"https:\/\/wfdb.eu\/wp-json\/wp\/v2\/posts"}],"about":[{"href":"https:\/\/wfdb.eu\/wp-json\/wp\/v2\/types\/post"}],"author":[{"embeddable":true,"href":"https:\/\/wfdb.eu\/wp-json\/wp\/v2\/users\/5"}],"replies":[{"embeddable":true,"href":"https:\/\/wfdb.eu\/wp-json\/wp\/v2\/comments?post=8848"}],"version-history":[{"count":7,"href":"https:\/\/wfdb.eu\/wp-json\/wp\/v2\/posts\/8848\/revisions"}],"predecessor-version":[{"id":8863,"href":"https:\/\/wfdb.eu\/wp-json\/wp\/v2\/posts\/8848\/revisions\/8863"}],"wp:featuredmedia":[{"embeddable":true,"href":"https:\/\/wfdb.eu\/wp-json\/wp\/v2\/media\/8855"}],"wp:attachment":[{"href":"https:\/\/wfdb.eu\/wp-json\/wp\/v2\/media?parent=8848"}],"wp:term":[{"taxonomy":"category","embeddable":true,"href":"https:\/\/wfdb.eu\/wp-json\/wp\/v2\/categories?post=8848"},{"taxonomy":"post_tag","embeddable":true,"href":"https:\/\/wfdb.eu\/wp-json\/wp\/v2\/tags?post=8848"}],"curies":[{"name":"wp","href":"https:\/\/api.w.org\/{rel}","templated":true}]}}