{"id":8822,"date":"2025-07-21T11:21:35","date_gmt":"2025-07-21T09:21:35","guid":{"rendered":"https:\/\/wfdb.eu\/?p=8822"},"modified":"2025-07-21T11:28:17","modified_gmt":"2025-07-21T09:28:17","slug":"call-for-expressions-of-interest-join-the-youth-camp-organising-committee-world-conference-2027","status":"publish","type":"post","link":"https:\/\/wfdb.eu\/2025\/07\/21\/call-for-expressions-of-interest-join-the-youth-camp-organising-committee-world-conference-2027\/","title":{"rendered":"Convocatoria: \u00danete al Comit\u00e9 Organizador del Campamento Juvenil \u2013 Conferencia Mundial 2027"},"content":{"rendered":"<p>El Comit\u00e9 de Juventud de la Federaci\u00f3n Mundial de Sordociegos (WFDB) y la Red Juvenil de Deafblind International (DbI) est\u00e1n organizando conjuntamente el primer campamento juvenil que se celebrar\u00e1 en el marco de una conferencia mundial sobre sordoceguera. Este evento tendr\u00e1 lugar antes y en conexi\u00f3n con la Conferencia Mundial de la WFDB y DbI, que se celebrar\u00e1 en Davos, Suiza, en julio de 2027.<\/p>\n<p>La Conferencia Mundial se llevar\u00e1 a cabo del 19 al 23 de julio de 2027. Los d\u00edas 17 y 18 de julio de 2027, se realizar\u00e1 una preconferencia conjunta con varias de las 17 redes de DbI. Durante estos d\u00edas, tambi\u00e9n se celebrar\u00e1 el primer Campamento Juvenil de la Conferencia Mundial, que posiblemente comience el 16 de julio.<\/p>\n<p>Nos complace lanzar esta convocatoria para expresar inter\u00e9s en formar parte, como persona voluntaria, del Comit\u00e9 Organizador (CO) del Campamento Juvenil.<\/p>\n<p>Las tareas incluyen la planificaci\u00f3n y organizaci\u00f3n del Campamento Juvenil, lo que abarca la elaboraci\u00f3n del presupuesto y la participaci\u00f3n en actividades de recaudaci\u00f3n de fondos, en estrecha colaboraci\u00f3n con el Comit\u00e9 de Planificaci\u00f3n de la Conferencia Mundial.<\/p>\n<p>La persona responsable del Comit\u00e9 Organizador del Campamento Juvenil es Pere Cantenys G\u00f3mez, l\u00edder del Comit\u00e9 de Juventud de la WFDB. Dado que el Campamento Juvenil y la Conferencia Mundial se llevar\u00e1n a cabo en Davos, <strong>buscamos especialmente a j\u00f3venes con sordoceguera de entre 18 y 35 a\u00f1os que vivan en Suiza, Austria o Alemania, aunque todas las personas interesadas son bienvenidas.<\/strong><\/p>\n<p>Tenga en cuenta los siguientes aspectos:<\/p>\n<ul>\n<li>Este es un puesto voluntario.<\/li>\n<li>No hay fondos disponibles para cubrir costos de interpretaci\u00f3n o traducci\u00f3n.<\/li>\n<li>El rol implica reuniones regulares en l\u00ednea a trav\u00e9s de Zoom durante el per\u00edodo previo al evento. Las reuniones se realizar\u00e1n en ingl\u00e9s y habr\u00e1 transcripci\u00f3n disponible.<\/li>\n<li>El objetivo es publicar el programa del campamento juvenil junto con el de la conferencia, aproximadamente un a\u00f1o antes del evento.<\/li>\n<\/ul>\n<p>Si est\u00e1s interesado\/a en esta oportunidad, por favor env\u00eda un correo electr\u00f3nico a Pere a la direcci\u00f3n: <strong><a href=\"mailto:youth.leader@wfdb.eu\">youth.leader@wfdb.eu<\/a> antes del 15 de agosto de 2025.<\/strong><\/p>\n","protected":false},"excerpt":{"rendered":"<p>El Comit\u00e9 de Juventud de la Federaci\u00f3n Mundial de Sordociegos (WFDB) y la Red Juvenil de Deafblind International (DbI) est\u00e1n organizando conjuntamente el primer campamento juvenil que se celebrar\u00e1 en el marco de una conferencia mundial sobre sordoceguera. Este evento tendr\u00e1 lugar antes y en conexi\u00f3n con la Conferencia Mundial de la WFDB y DbI, [&hellip;]<\/p>\n","protected":false},"author":5,"featured_media":8824,"comment_status":"closed","ping_status":"closed","sticky":false,"template":"","format":"standard","meta":{"_jetpack_memberships_contains_paid_content":false,"footnotes":""},"categories":[1],"tags":[],"class_list":["post-8822","post","type-post","status-publish","format-standard","has-post-thumbnail","hentry","category-news"],"jetpack_featured_media_url":"https:\/\/wfdb.eu\/wp-content\/uploads\/2025\/07\/Poster-call.png","jetpack_sharing_enabled":true,"_links":{"self":[{"href":"https:\/\/wfdb.eu\/wp-json\/wp\/v2\/posts\/8822","targetHints":{"allow":["GET"]}}],"collection":[{"href":"https:\/\/wfdb.eu\/wp-json\/wp\/v2\/posts"}],"about":[{"href":"https:\/\/wfdb.eu\/wp-json\/wp\/v2\/types\/post"}],"author":[{"embeddable":true,"href":"https:\/\/wfdb.eu\/wp-json\/wp\/v2\/users\/5"}],"replies":[{"embeddable":true,"href":"https:\/\/wfdb.eu\/wp-json\/wp\/v2\/comments?post=8822"}],"version-history":[{"count":1,"href":"https:\/\/wfdb.eu\/wp-json\/wp\/v2\/posts\/8822\/revisions"}],"predecessor-version":[{"id":8823,"href":"https:\/\/wfdb.eu\/wp-json\/wp\/v2\/posts\/8822\/revisions\/8823"}],"wp:featuredmedia":[{"embeddable":true,"href":"https:\/\/wfdb.eu\/wp-json\/wp\/v2\/media\/8824"}],"wp:attachment":[{"href":"https:\/\/wfdb.eu\/wp-json\/wp\/v2\/media?parent=8822"}],"wp:term":[{"taxonomy":"category","embeddable":true,"href":"https:\/\/wfdb.eu\/wp-json\/wp\/v2\/categories?post=8822"},{"taxonomy":"post_tag","embeddable":true,"href":"https:\/\/wfdb.eu\/wp-json\/wp\/v2\/tags?post=8822"}],"curies":[{"name":"wp","href":"https:\/\/api.w.org\/{rel}","templated":true}]}}