{"id":8802,"date":"2025-06-27T12:02:41","date_gmt":"2025-06-27T10:02:41","guid":{"rendered":"https:\/\/wfdb.eu\/?p=8802"},"modified":"2025-07-16T12:16:12","modified_gmt":"2025-07-16T10:16:12","slug":"in-our-own-words-celebrating-international-day-of-deafblindness","status":"publish","type":"post","link":"https:\/\/wfdb.eu\/2025\/06\/27\/in-our-own-words-celebrating-international-day-of-deafblindness\/","title":{"rendered":"Con nuestras propias palabras: celebrando el D\u00eda Internacional de la Sordoceguera"},"content":{"rendered":"<p><iframe loading=\"lazy\" title=\"Happy International Day of Deafblindness! - 27 June 2025\" width=\"800\" height=\"450\" src=\"https:\/\/www.youtube.com\/embed\/hgzpTS_1Zsk?feature=oembed\" frameborder=\"0\" allow=\"accelerometer; autoplay; clipboard-write; encrypted-media; gyroscope; picture-in-picture; web-share\" referrerpolicy=\"strict-origin-when-cross-origin\" allowfullscreen><\/iframe><\/p>\n<p data-start=\"60\" data-end=\"356\">Hoy, 27 de junio, se conmemora el D\u00eda Internacional de la Sordoceguera, y queremos compartir las voces de personas sordociegas de todo el mundo. Como una organizaci\u00f3n para y por personas sordociegas, una de nuestras misiones principales es representar la verdadera voz de la comunidad sordociega.<\/p>\n<p data-start=\"358\" data-end=\"744\">Este a\u00f1o celebramos el reconocimiento oficial de las Naciones Unidas de este importante d\u00eda, y de la sordoceguera como una discapacidad distinta, a trav\u00e9s de una hist\u00f3rica resoluci\u00f3n. En el video de arriba, personas sordociegas de todo el mundo saludan a los espectadores diciendo \u201cFeliz D\u00eda Internacional de la Sordoceguera\u201d en sus idiomas nativos y m\u00e9todos de comunicaci\u00f3n preferidos.<\/p>\n<p data-start=\"746\" data-end=\"1038\">Adem\u00e1s, para honrar este hito, les preguntamos a personas sordociegas qu\u00e9 significa para ellas este reconocimiento y c\u00f3mo creen que impactar\u00e1 a la comunidad sordociega global. A continuaci\u00f3n compartimos algunos testimonios. \u00a1Gracias a todos los que compartieron sus pensamientos con nosotros!<\/p>\n<p data-start=\"1045\" data-end=\"1553\"><strong>\u201cPara m\u00ed como sordociego latinoamericano y representante de la sordoceguera en Uruguay es sumamente importante la adhesi\u00f3n a esta resoluci\u00f3n puesto que visibilizar\u00e1 a la discapacidad y le otorgar\u00e1 un respaldo internacional desde diferentes aspectos que inciden en nuestra vida.&nbsp;La inclusi\u00f3n de la discapacidad en los espacios de decisi\u00f3n es esencial (&#8230;) pensando no solo en la discapacidad de hoy sino en dejar asentada una base s\u00f3lida para el futuro.\u201d<\/strong><br \/>\n<em>\u2014 Enrique Ram\u00edrez, Uruguay<\/em><\/p>\n<p><strong>&#8220;Siento que, con esta resoluci\u00f3n, ahora por fin tenemos un nuevo puerto. Es la primera vez en la historia, el barco de la WFDB puede atracar en un lugar oficial y seguro. Este puerto representa un espacio de reconocimiento y visibilidad. A partir de aqu\u00ed, podemos comenzar a construir infraestructura real: relaciones, accesibilidad, legislaci\u00f3n, y calidad de vida para las personas sordociegas. (&#8230;)<\/strong><br \/>\n<strong>Este D\u00eda Internacional no solo honra las luchas y logros de las personas sordociegas, sino que tambi\u00e9n abre la puerta a una mayor inclusi\u00f3n, respeto y compromiso por parte de los gobiernos, instituciones y la sociedad. El impacto puede ser verdaderamente transformador: m\u00e1s acceso a recursos, educaci\u00f3n, tecnolog\u00eda de apoyo, y pol\u00edticas p\u00fablicas que respondan de verdad a nuestras realidades.\u201d<\/strong><br \/>\n<em>\u2014 Pere Canteys, Espa\u00f1a<\/em><\/p>\n<p data-start=\"2349\" data-end=\"2871\"><strong>\u201cLa resoluci\u00f3n de la ONU para observar el D\u00eda Internacional de la Sordoceguera es un paso hist\u00f3rico hacia el reconocimiento global de una comunidad a menudo marginada debido a discapacidades sensoriales duales. En Malawi, donde las necesidades de las personas sordociegas rara vez son prioritarias, esto catalizar\u00e1 adaptaciones locales, como la capacitaci\u00f3n de gu\u00edas para personas sordociegas o materiales en braille-t\u00e1ctil en las escuelas. A nivel global, fortalece la solidaridad bajo la CRPD.\u201d<\/strong><br \/>\n<em>\u2014 Ezekiel Kumweda, Malawi<\/em><\/p>\n<p data-start=\"2873\" data-end=\"3313\"><strong>\u201cAl reconocer y establecer el D\u00eda Internacional de las Personas Sordociegas, ha dado un paso fundamental hacia un mundo m\u00e1s justo e inclusivo. Es un compromiso con la dignidad, la igualdad y la plena participaci\u00f3n de las personas sordociegas, reafirmando que sus voces deben ser escuchadas y sus derechos garantizados en todas las esferas de la vida.\u201d<\/strong><br \/>\n<em>\u2014 Junta Directiva de FASOCIDE (Federaci\u00f3n de Asociaciones de Personas Sordociegas de Espa\u00f1a)<\/em><\/p>\n<p data-start=\"3315\" data-end=\"3847\"><strong>\u201cSent\u00ed escalofr\u00edos al participar en la sesi\u00f3n virtual de la ONU la semana pasada, y ahora somos testigos de un hito mundial: \u00a1el primer D\u00eda Internacional de la Sordoceguera! En todo el mundo, personas sordociegas, aliados, proveedores de servicios y familiares han trabajado arduamente para crear conciencia y promover cambios significativos. Es hora de que nuestras voces sean escuchadas y que todos ayudemos a desbloquear el pleno potencial de las personas con discapacidades sensoriales duales.\u201d<\/strong><br \/>\n<em>\u2014 Sricamalan Pathmanathan, Canad\u00e1<\/em><\/p>\n<p data-start=\"83\" data-end=\"655\"><strong>&#8220;La declaraci\u00f3n de la ONU significa que millones de personas sabr\u00e1n que la sordoceguera es una discapacidad \u00fanica, que necesita ser comprendida y que las personas deben recibir el apoyo necesario para ejercer su derecho a ser miembros activos de su pa\u00eds o del mundo, si as\u00ed lo desean. La declaraci\u00f3n de la ONU que designa el 27 de junio como D\u00eda Internacional de Concienciaci\u00f3n sobre la Sordoceguera significa que m\u00e1s personas aprender\u00e1n sobre nuestra discapacidad y sobre nuestras capacidades, siempre que contemos con el apoyo profesional necesario que nos asista (\u2026).&nbsp;Mi expectativa es que cada pa\u00eds preste m\u00e1s atenci\u00f3n a este grupo de personas sordociegas y proporcione los medios para que podamos ejercer los derechos que merecemos (\u2026).\u201d<\/strong><\/p>\n<p data-start=\"83\" data-end=\"655\"><em>\u2014 Penny Leclair, Canad\u00e1<\/em><\/p>\n<p data-start=\"3849\" data-end=\"4102\"><strong>\u201cLa ratificaci\u00f3n del D\u00eda Internacional de la Sordoceguera pondr\u00e1 un foco muy necesario en esta poblaci\u00f3n de baja incidencia. Esto har\u00e1 que la formulaci\u00f3n de pol\u00edticas sea m\u00e1s efectiva para la comunidad sordociega.\u201d<\/strong><br \/>\n<em>\u2014 Christopher Woodfill, Estados Unidos<\/em><\/p>\n<p data-start=\"4104\" data-end=\"4823\"><strong>\u201cEsta no es una fecha elegida al azar \u2014 es un d\u00eda significativo, ya que marca el cumplea\u00f1os de Helen Keller, una de las figuras m\u00e1s influyentes en la historia de la defensa de las personas sordociegas. Su legado representa la resiliencia, la educaci\u00f3n y los derechos humanos a nivel mundial \u2014 \u00a1y todo esto siendo ella misma sordociega! Queremos continuar con los esfuerzos que ella inici\u00f3, y este reconocimiento es un hito en esa direcci\u00f3n. (\u2026) Esta iniciativa no se trata solo de reconocer los derechos de la comunidad sordociega \u2014 no es \u201csolo\u201d otro d\u00eda de la ONU en el calendario \u2014 sino de asegurar que las futuras generaciones de j\u00f3venes sordociegos vivan en un mundo m\u00e1s justo e inclusivo.\u201d<\/strong><br \/>\n<em>\u2014 Sanja Tarczay, Croacia<\/em><\/p>\n<p data-start=\"4825\" data-end=\"5443\"><strong>\u201cEste reconocimiento es m\u00e1s que una fecha \u2014 es un s\u00edmbolo de identidad para las personas sordociegas. Durante mucho tiempo, sin reconocimiento formal, hemos vivido en la oscuridad \u2014 defendiendo nuestros derechos con herramientas limitadas, y a menudo preguntados: \u2018\u00bfQui\u00e9n eres?\u2019 y \u2018\u00bfQu\u00e9 eres?\u2019 Con demasiada frecuencia fuimos mal clasificados como ciegos o sordos, y como resultado, los servicios fueron mal asignados, subestimados o simplemente negados. Pero ahora \u2014 podemos hablar con valent\u00eda, exigiendo servicios espec\u00edficos para una comunidad \u00fanica y distinta: las personas sordociegas.\u201d<\/strong><br \/>\n<em>\u2014 Juliet Wabukawo, Uganda<\/em><\/p>\n<p data-start=\"5445\" data-end=\"6016\"><strong>\u201cHemos dado un paso muy importante hacia el reconocimiento de la sordoceguera como una discapacidad \u00fanica \u2014 y, m\u00e1s importante a\u00fan, en influir a los Estados para que no dejen a nadie atr\u00e1s, dando gran importancia a las acciones dirigidas a la atenci\u00f3n integral de las personas con esta discapacidad. Al mismo tiempo, al declarar el 27 de junio como el D\u00eda Internacional de la Sordoceguera, visibilizamos todo lo que las personas sordociegas pueden aportar: en el empleo, la cultura, el deporte y todas las \u00e1reas del desarrollo personal.\u201d<\/strong><br \/>\n<em>\u2014 Yamilia Guill\u00e9n Rodr\u00edguez, Cuba<\/em><\/p>\n<p data-start=\"6018\" data-end=\"6514\"><strong>\u201cNos sentimos dignos y plenos con este logro, porque todas las discapacidades tienen su d\u00eda de conmemoraci\u00f3n \u2014 y nosotros \u00e9ramos los \u00fanicos que falt\u00e1bamos, sin ser escuchados a\u00fan por este organismo internacional (la ONU) que trabaja d\u00eda y noche para apoyar a las diferentes comunidades en el mundo y resolver sus retos. Agradecemos a la WFDB, a la ONU y a todas las instituciones nacionales e internacionales por unirse a estas luchas que con amor y respeto merecemos.\u201d<\/strong><br \/>\n<em>\u2014 Miriam Torres, Venezuela<\/em><\/p>\n<p data-start=\"6516\" data-end=\"6983\"><strong>\u201cEn muchos pa\u00edses, se reconoce a las personas ciegas y sordas \u2014 pero no a las personas sordociegas. Con el reconocimiento de la ONU, la comunidad sordociega local e internacional tiene ahora un argumento s\u00f3lido para que las personas sordociegas sean identificadas como un grupo distinto con caracter\u00edsticas espec\u00edficas. Por ejemplo, el lenguaje de se\u00f1as t\u00e1ctil a\u00fan no es ampliamente reconocido, aunque est\u00e1 mencionado en la CRPD de la ONU.\u201d<\/strong><br \/>\n<em>\u2014 Riku Virtanen, Finlandia<\/em><\/p>\n<p><strong data-start=\"51\" data-end=\"739\">\u201cFinalmente, ha sido adoptada oficialmente \u2013 un d\u00eda verdaderamente significativo y un mes maravilloso para todos nosotros. Cada peque\u00f1o paso y cada forma de reconocimiento son valiosos. Cuanta m\u00e1s visibilidad tenga esta causa, mayor ser\u00e1 la conciencia en la sociedad. Esta resoluci\u00f3n generar\u00e1 un importante efecto multiplicador \u2013 de una persona a otra, de una organizaci\u00f3n a otra. A largo plazo, ayudar\u00e1 a garantizar que se vean y respeten los derechos y necesidades de las personas sordociegas. Estoy sinceramente agradecido con la WFDB y con las autoridades croatas por su compromiso. Esto hace que este largo camino sea un poco m\u00e1s llevadero y nos da m\u00e1s esperanza para el futuro.\u201d<\/strong><br data-start=\"739\" data-end=\"742\" \/>\u2014 Til Apfel, Alemania<\/p>\n<p data-start=\"6985\" data-end=\"7612\"><strong>\u201cSoy una persona sordociega y me siento plenamente orgulloso de mi identidad. No tengo miedo ni preocupaci\u00f3n, porque me reconozco dentro del mundo, fiel a los principios y a la historia que hemos construido como poblaci\u00f3n. Hoy me siento a\u00fan m\u00e1s firme y fortalecido, gracias a la decisi\u00f3n de la Asamblea de la ONU de declarar el 27 de junio como el D\u00eda Internacional de la Sordoceguera. Este reconocimiento es un motivo de orgullo para m\u00ed y para todas las personas sordociegas del mundo. S\u00e9 que este paso tendr\u00e1 un impacto significativo y contribuir\u00e1 a derribar muchas de las barreras que a\u00fan enfrentamos.\u201d<\/strong><br \/>\n<em>\u2014 Samuel Valencia, Colombia<\/em><\/p>\n<p data-start=\"7614\" data-end=\"7801\"><strong>\u201cEsta resoluci\u00f3n es una gran victoria para nosotros. Ya no somos invisibles. Ayudar\u00e1 a abrir puertas para los derechos de las personas sordociegas en Nepal.\u201d<\/strong><br \/>\n<em>\u2014 Krishnamaya Adhikari, Nepal<\/em><\/p>\n<p data-start=\"7803\" data-end=\"8078\"><strong>\u201cYa est\u00e1bamos celebrando el D\u00eda de la Sordoceguera&#8230; PERO ahora, con el reconocimiento internacional, poder decir que es una fecha validada por la ONU da mucha m\u00e1s credibilidad y fuerza a las celebraciones, teniendo un impacto muy positivo.\u201d<\/strong><br \/>\n<em>\u2014 Eul\u00e1lia Alves Cordeiro, Brasil<\/em><\/p>\n<p data-start=\"8080\" data-end=\"8523\"><strong>\u201cS\u00e9 que la resoluci\u00f3n tendr\u00e1 un impacto positivo en la comunidad sordociega, creando un mayor compromiso de los Estados para garantizar el cumplimiento de los derechos de las personas sordociegas \u2014 a trav\u00e9s del desarrollo de pol\u00edticas p\u00fablicas y los ajustes necesarios para construir una sociedad accesible, donde las personas sordociegas puedan lograr la inclusi\u00f3n social y laboral que todos merecemos.\u201d<\/strong><br \/>\n<em>\u2014 Melba Benjam\u00edn, Rep\u00fablica Dominicana<\/em><\/p>\n<p data-start=\"8525\" data-end=\"9406\"><strong>\u201cEste logro colabora much\u00edsimo en la visibilidad ante el mundo de nuestra existencia, personalidad como discapacidad \u00fanica con todas las caracter\u00edsticas propias y nos ayudar\u00e1 mucho para poco a poco seguirnos integrando en la gran maquinaria de la sociedad activa del mundo. Con esto, empezamos a caminar m\u00e1s seguros y con paso m\u00e1s firme para continuar exigiendo nuestros derechos y tambi\u00e9n reconociendo nuestras obligaciones ante una sociedad cada vez m\u00e1s exigente. Si la sociedad reconoce nuestra existencia, podremos dar m\u00e1s de nosotros a esa sociedad. Para m\u00ed, este reconocimiento por el que se ha luchado muchos a\u00f1os y se est\u00e1 cosechando ahora, es un paso a la igualdad de oportunidades para las nuevas&nbsp;generaciones.. A\u00fan falta mucho pero es un paso definitivo para nosotros y nuestra integraci\u00f3n al mundo.\u201d<\/strong><br \/>\n<em>\u2014 Sonnia Margarita, Ecuador<\/p>\n<p><\/em><\/p>\n<p data-start=\"68\" data-end=\"1186\"><strong data-start=\"68\" data-end=\"1186\">\u201cPara m\u00ed, la resoluci\u00f3n de la Asamblea General de las Naciones Unidas significa que la comunidad sordaciega ahora tiene su propio d\u00eda internacional oficial en el calendario de la ONU, en igualdad de condiciones con las comunidades sordas y ciegas.<br data-start=\"320\" data-end=\"323\" \/>El D\u00eda Internacional de la Sordoceguera, el 27 de junio, contribuir\u00e1 a la divulgaci\u00f3n y sensibilizaci\u00f3n sobre la sordoceguera como una discapacidad distinta, diferente de la ceguera y la sordera, en la que resulta dif\u00edcil que los sentidos afectados se compensen entre s\u00ed.<br data-start=\"594\" data-end=\"597\" \/>La resoluci\u00f3n contribuir\u00e1 al reconocimiento de la sordoceguera por parte de los gobiernos, de forma separada en leyes, pol\u00edticas y programas. Todos los Estados Miembros de la ONU, las organizaciones y la sociedad civil promover\u00e1n la sensibilizaci\u00f3n y la inclusi\u00f3n de las personas sordociegas, destacar\u00e1n la importancia excepcional de los int\u00e9rpretes profesionales y los gu\u00edas-int\u00e9rpretes para personas sordociegas, para el acceso a la comunicaci\u00f3n y la informaci\u00f3n, as\u00ed como la afirmaci\u00f3n del bast\u00f3n rojo y blanco como medio de movilidad y s\u00edmbolo distintivo de la comunidad sordociega.\u201d<\/strong><\/p>\n<p data-start=\"68\" data-end=\"1186\">\u2014 Velichka Draganova, Bulgaria<\/p>\n<p data-start=\"8525\" data-end=\"9406\"><em><\/p>\n<p><\/em><\/p>\n","protected":false},"excerpt":{"rendered":"<p>Hoy, 27 de junio, se conmemora el D\u00eda Internacional de la Sordoceguera, y queremos compartir las voces de personas sordociegas de todo el mundo. Como una organizaci\u00f3n para y por personas sordociegas, una de nuestras misiones principales es representar la verdadera voz de la comunidad sordociega. Este a\u00f1o celebramos el reconocimiento oficial de las Naciones [&hellip;]<\/p>\n","protected":false},"author":5,"featured_media":8808,"comment_status":"closed","ping_status":"closed","sticky":false,"template":"","format":"standard","meta":{"_jetpack_memberships_contains_paid_content":false,"footnotes":""},"categories":[1],"tags":[],"class_list":["post-8802","post","type-post","status-publish","format-standard","has-post-thumbnail","hentry","category-news"],"jetpack_featured_media_url":"https:\/\/wfdb.eu\/wp-content\/uploads\/2025\/06\/title.png","jetpack_sharing_enabled":true,"_links":{"self":[{"href":"https:\/\/wfdb.eu\/wp-json\/wp\/v2\/posts\/8802","targetHints":{"allow":["GET"]}}],"collection":[{"href":"https:\/\/wfdb.eu\/wp-json\/wp\/v2\/posts"}],"about":[{"href":"https:\/\/wfdb.eu\/wp-json\/wp\/v2\/types\/post"}],"author":[{"embeddable":true,"href":"https:\/\/wfdb.eu\/wp-json\/wp\/v2\/users\/5"}],"replies":[{"embeddable":true,"href":"https:\/\/wfdb.eu\/wp-json\/wp\/v2\/comments?post=8802"}],"version-history":[{"count":11,"href":"https:\/\/wfdb.eu\/wp-json\/wp\/v2\/posts\/8802\/revisions"}],"predecessor-version":[{"id":8821,"href":"https:\/\/wfdb.eu\/wp-json\/wp\/v2\/posts\/8802\/revisions\/8821"}],"wp:featuredmedia":[{"embeddable":true,"href":"https:\/\/wfdb.eu\/wp-json\/wp\/v2\/media\/8808"}],"wp:attachment":[{"href":"https:\/\/wfdb.eu\/wp-json\/wp\/v2\/media?parent=8802"}],"wp:term":[{"taxonomy":"category","embeddable":true,"href":"https:\/\/wfdb.eu\/wp-json\/wp\/v2\/categories?post=8802"},{"taxonomy":"post_tag","embeddable":true,"href":"https:\/\/wfdb.eu\/wp-json\/wp\/v2\/tags?post=8802"}],"curies":[{"name":"wp","href":"https:\/\/api.w.org\/{rel}","templated":true}]}}