{"id":8605,"date":"2025-04-07T12:51:23","date_gmt":"2025-04-07T10:51:23","guid":{"rendered":"https:\/\/wfdb.eu\/?p=8605"},"modified":"2025-04-14T10:50:47","modified_gmt":"2025-04-14T08:50:47","slug":"wfdb-and-riadis-sign-mou-to-advance-deafblind-rights-in-latin-america","status":"publish","type":"post","link":"https:\/\/wfdb.eu\/2025\/04\/07\/wfdb-and-riadis-sign-mou-to-advance-deafblind-rights-in-latin-america\/","title":{"rendered":"Nuevo acuerdo para impulsar los derechos de las personas con sordoceguera en Am\u00e9rica Latina"},"content":{"rendered":"<p><iframe loading=\"lazy\" title=\"WFDB and RIADIS sign a Memorandum of Understanding (MoU)\" width=\"800\" height=\"450\" src=\"https:\/\/www.youtube.com\/embed\/fMEFSBrcFrM?feature=oembed\" frameborder=\"0\" allow=\"accelerometer; autoplay; clipboard-write; encrypted-media; gyroscope; picture-in-picture; web-share\" referrerpolicy=\"strict-origin-when-cross-origin\" allowfullscreen><\/iframe><\/p>\n<p class=\"\" data-start=\"95\" data-end=\"652\">El 3 de abril de 2024, durante el Foro Global sobre Discapacidad celebrado en Berl\u00edn, Alemania, se alcanz\u00f3 un hito importante para la comunidad de personas con sordoceguera en Am\u00e9rica Latina.<br data-start=\"298\" data-end=\"301\" \/>Juan \u00c1ngel de Gouveia, presidente de la Red Latinoamericana de Organizaciones No Gubernamentales de Personas con Discapacidad y sus Familias (RIADIS), y la Dra. Sanja Tarczay, presidenta de la Federaci\u00f3n Mundial de Sordociegos (WFDB), firmaron oficialmente un Memorando de Entendimiento entre ambas organizaciones.<\/p>\n<p class=\"\" data-start=\"654\" data-end=\"821\">Este acuerdo tiene como objetivo fortalecer la colaboraci\u00f3n y mejorar los derechos y las condiciones de vida de las personas con sordoceguera en toda Am\u00e9rica Latina.<\/p>\n<p class=\"\" data-start=\"823\" data-end=\"985\">La firma del acuerdo cont\u00f3 tambi\u00e9n con la presencia de Enrique Varela, presidente de la Federaci\u00f3n Latinoamericana de Asociaciones de Sordociegos (FLASC).<\/p>\n<p class=\"\" data-start=\"987\" data-end=\"1158\">Desde la WFDB, nos sentimos orgullosos de poder ampliar nuestro apoyo y reforzar nuestro compromiso con la regi\u00f3n de Am\u00e9rica Latina a trav\u00e9s de esta importante alianza.<\/p>\n<p><a href=\"https:\/\/wfdb.eu\/wp-content\/uploads\/2025\/04\/MOU-RIADIS-WFDB-FINAL.pdf\">Abra aqu\u00ed el documento en ingl\u00e9s en versi\u00f3n PDF<\/a><\/p>\n","protected":false},"excerpt":{"rendered":"<p>El 3 de abril de 2024, durante el Foro Global sobre Discapacidad celebrado en Berl\u00edn, Alemania, se alcanz\u00f3 un hito importante para la comunidad de personas con sordoceguera en Am\u00e9rica Latina.Juan \u00c1ngel de Gouveia, presidente de la Red Latinoamericana de Organizaciones No Gubernamentales de Personas con Discapacidad y sus Familias (RIADIS), y la Dra. Sanja [&hellip;]<\/p>\n","protected":false},"author":5,"featured_media":8610,"comment_status":"closed","ping_status":"closed","sticky":false,"template":"","format":"standard","meta":{"_jetpack_memberships_contains_paid_content":false,"footnotes":""},"categories":[1],"tags":[],"class_list":["post-8605","post","type-post","status-publish","format-standard","has-post-thumbnail","hentry","category-news"],"jetpack_featured_media_url":"https:\/\/wfdb.eu\/wp-content\/uploads\/2025\/04\/IMG-20250407-WA0009.jpg","jetpack_sharing_enabled":true,"_links":{"self":[{"href":"https:\/\/wfdb.eu\/wp-json\/wp\/v2\/posts\/8605","targetHints":{"allow":["GET"]}}],"collection":[{"href":"https:\/\/wfdb.eu\/wp-json\/wp\/v2\/posts"}],"about":[{"href":"https:\/\/wfdb.eu\/wp-json\/wp\/v2\/types\/post"}],"author":[{"embeddable":true,"href":"https:\/\/wfdb.eu\/wp-json\/wp\/v2\/users\/5"}],"replies":[{"embeddable":true,"href":"https:\/\/wfdb.eu\/wp-json\/wp\/v2\/comments?post=8605"}],"version-history":[{"count":4,"href":"https:\/\/wfdb.eu\/wp-json\/wp\/v2\/posts\/8605\/revisions"}],"predecessor-version":[{"id":8625,"href":"https:\/\/wfdb.eu\/wp-json\/wp\/v2\/posts\/8605\/revisions\/8625"}],"wp:featuredmedia":[{"embeddable":true,"href":"https:\/\/wfdb.eu\/wp-json\/wp\/v2\/media\/8610"}],"wp:attachment":[{"href":"https:\/\/wfdb.eu\/wp-json\/wp\/v2\/media?parent=8605"}],"wp:term":[{"taxonomy":"category","embeddable":true,"href":"https:\/\/wfdb.eu\/wp-json\/wp\/v2\/categories?post=8605"},{"taxonomy":"post_tag","embeddable":true,"href":"https:\/\/wfdb.eu\/wp-json\/wp\/v2\/tags?post=8605"}],"curies":[{"name":"wp","href":"https:\/\/api.w.org\/{rel}","templated":true}]}}