{"id":8473,"date":"2024-10-04T12:53:14","date_gmt":"2024-10-04T10:53:14","guid":{"rendered":"https:\/\/wfdb.eu\/?p=8473"},"modified":"2024-10-04T12:53:14","modified_gmt":"2024-10-04T10:53:14","slug":"wfdb-meets-with-the-japanese-association-of-the-deafblind","status":"publish","type":"post","link":"https:\/\/wfdb.eu\/2024\/10\/04\/wfdb-meets-with-the-japanese-association-of-the-deafblind\/","title":{"rendered":"WFDB se re\u00fane con la Asociaci\u00f3n Japonesa de Sordociegos"},"content":{"rendered":"<p>La semana pasada, la presidenta de la WFDB, Sanja Tarczay, particip\u00f3 en una serie de productivas reuniones en l\u00ednea con la Asociaci\u00f3n Japonesa de Personas Sordociegas. Estos encuentros fueron una valiosa oportunidad para intercambiar informaci\u00f3n y compartir actualizaciones sobre diversas iniciativas.<\/p>\n<p>Esta colaboraci\u00f3n ejemplifica la s\u00f3lida colaboraci\u00f3n entre la WFDB y sus miembros en Jap\u00f3n, reforzando las conexiones entre las comunidades del Este y del Oeste, mientras se ampl\u00eda el alcance global de la WFDB. A trav\u00e9s de este compromiso, ambas organizaciones est\u00e1n dedicadas a promover los derechos y la inclusi\u00f3n de las personas sordociegas a nivel mundial.<\/p>\n<p><strong>Participantes:<\/strong><\/p>\n<ul>\n<li><strong>Sanja Tarczay:<\/strong> Presidenta de la Federaci\u00f3n Mundial de Sordociegos<\/li>\n<li><strong>Shingo Kobayashi:<\/strong> Miembro del personal de la Asociaci\u00f3n Japonesa de Sordociegos<\/li>\n<li><strong>Akiko Fukuda:<\/strong> Representante de la Red Asi\u00f1atica de Sordociegos<\/li>\n<li><strong>Satoshi Fukushima:<\/strong> Director de la Asociaci\u00f3n Japonesa de Sordociegos<\/li>\n<li><strong>Miembros sordociegos:<\/strong> Participantes de la Asociaci\u00f3n Japonesa de Sordociegos<\/li>\n<\/ul>\n<p>En conclusi\u00f3n, estas reuniones subrayan la importancia de la colaboraci\u00f3n internacional y el intercambio de conocimientos para promover los derechos y el bienestar de las personas sordociegas en todo el mundo. La WFDB espera continuar esta fruct\u00edfera relaci\u00f3n con la Asociaci\u00f3n Japonesa de Sordociegos y explorar oportunidades de&nbsp; de colaboraci\u00f3n en el futuro.<\/p>\n","protected":false},"excerpt":{"rendered":"<p>La semana pasada, la presidenta de la WFDB, Sanja Tarczay, particip\u00f3 en una serie de productivas reuniones en l\u00ednea con la Asociaci\u00f3n Japonesa de Personas Sordociegas. Estos encuentros fueron una valiosa oportunidad para intercambiar informaci\u00f3n y compartir actualizaciones sobre diversas iniciativas. Esta colaboraci\u00f3n ejemplifica la s\u00f3lida colaboraci\u00f3n entre la WFDB y sus miembros en Jap\u00f3n, [&hellip;]<\/p>\n","protected":false},"author":5,"featured_media":8474,"comment_status":"closed","ping_status":"closed","sticky":false,"template":"","format":"standard","meta":{"_jetpack_memberships_contains_paid_content":false,"footnotes":""},"categories":[1],"tags":[],"class_list":["post-8473","post","type-post","status-publish","format-standard","has-post-thumbnail","hentry","category-news"],"jetpack_featured_media_url":"https:\/\/wfdb.eu\/wp-content\/uploads\/2024\/10\/2.jpg","jetpack_sharing_enabled":true,"_links":{"self":[{"href":"https:\/\/wfdb.eu\/wp-json\/wp\/v2\/posts\/8473","targetHints":{"allow":["GET"]}}],"collection":[{"href":"https:\/\/wfdb.eu\/wp-json\/wp\/v2\/posts"}],"about":[{"href":"https:\/\/wfdb.eu\/wp-json\/wp\/v2\/types\/post"}],"author":[{"embeddable":true,"href":"https:\/\/wfdb.eu\/wp-json\/wp\/v2\/users\/5"}],"replies":[{"embeddable":true,"href":"https:\/\/wfdb.eu\/wp-json\/wp\/v2\/comments?post=8473"}],"version-history":[{"count":1,"href":"https:\/\/wfdb.eu\/wp-json\/wp\/v2\/posts\/8473\/revisions"}],"predecessor-version":[{"id":8475,"href":"https:\/\/wfdb.eu\/wp-json\/wp\/v2\/posts\/8473\/revisions\/8475"}],"wp:featuredmedia":[{"embeddable":true,"href":"https:\/\/wfdb.eu\/wp-json\/wp\/v2\/media\/8474"}],"wp:attachment":[{"href":"https:\/\/wfdb.eu\/wp-json\/wp\/v2\/media?parent=8473"}],"wp:term":[{"taxonomy":"category","embeddable":true,"href":"https:\/\/wfdb.eu\/wp-json\/wp\/v2\/categories?post=8473"},{"taxonomy":"post_tag","embeddable":true,"href":"https:\/\/wfdb.eu\/wp-json\/wp\/v2\/tags?post=8473"}],"curies":[{"name":"wp","href":"https:\/\/api.w.org\/{rel}","templated":true}]}}