{"id":8255,"date":"2024-01-29T13:15:11","date_gmt":"2024-01-29T12:15:11","guid":{"rendered":"https:\/\/wfdb.eu\/?p=8255"},"modified":"2024-02-07T10:45:32","modified_gmt":"2024-02-07T09:45:32","slug":"advocating-for-inclusion-overcoming-discrimination-against-persons-with-deafblindness","status":"publish","type":"post","link":"https:\/\/wfdb.eu\/2024\/01\/29\/advocating-for-inclusion-overcoming-discrimination-against-persons-with-deafblindness\/","title":{"rendered":"Abogando por la inclusi\u00f3n: superando la discriminaci\u00f3n contra las personas con sordoceguera"},"content":{"rendered":"<pre id=\"tw-target-text\" class=\"tw-data-text tw-text-large tw-ta\" dir=\"ltr\" data-placeholder=\"Traducci\u00f3n\" data-ved=\"2ahUKEwj_t9zY8dKEAxXNQ_EDHek6Aj0Q3ewLegQIDhAU\"><span class=\"Y2IQFc\" lang=\"es\">Las personas con sordoceguera suelen quedar excluidas de los servicios, el apoyo y la vida social debido a su discapacidad. El art\u00edculo 2 de la Convenci\u00f3n sobre los Derechos de las Personas con Discapacidad (CDPD) define la discriminaci\u00f3n por motivos de discapacidad como \"cualquier distinci\u00f3n, exclusi\u00f3n o restricci\u00f3n por motivos de discapacidad que tenga por objeto o efecto menoscabar o anular el reconocimiento, goce o el ejercicio, en igualdad de condiciones con los dem\u00e1s, de todos los derechos humanos y libertades fundamentales en el \u00e1mbito pol\u00edtico, econ\u00f3mico, social, cultural, civil o en cualquier otro \u00e1mbito\u201d. Por tanto, la exclusi\u00f3n de las personas con sordoceguera se debe en gran medida a la discriminaci\u00f3n y el estigma perpetuados por los estereotipos, percepciones err\u00f3neas y suposiciones sobre las personas con discapacidad que a menudo se derivan de una falta de comprensi\u00f3n. Una percepci\u00f3n err\u00f3nea com\u00fan es que las personas con sordoceguera no pueden ser ayudadas, apoyadas o contactadas porque no entender\u00e1n la situaci\u00f3n o porque existe una presunci\u00f3n de incapacidad, ideas err\u00f3neas que s\u00f3lo conducen a una mayor exclusi\u00f3n y marginaci\u00f3n.\r\n\r\nA pesar de marcos legales como la CDPD, las personas con sordoceguera encuentran barreras en su vida diaria. Recientemente, Zamir Dhale, representante regional de la WFDB para Asia, comparti\u00f3 un incidente angustioso que ilustra la discriminaci\u00f3n que enfrentan las personas con sordoceguera en todo el mundo. <a href=\"https:\/\/wfdb.eu\/wp-content\/uploads\/2024\/01\/Zamirs-story-on-Discrimation.docx\">Puede leer la historia de Zamir en ingl\u00e9s aqu\u00ed.<\/a>\r\n\r\nDurante un viaje desde el distrito de Kudachi en Karnataka a Pune (India), Zamir y su colega sufrieron discriminaci\u00f3n en el transporte p\u00fablico. A pesar de sus intentos de comunicar sus necesidades, el conductor del autob\u00fas se neg\u00f3 a permitir que Zamir bajara en la parada prevista, citando regulaciones gubernamentales. . Esta negativa, sumada a un comportamiento irrespetuoso, dej\u00f3 a Zamir varado y vulnerable al borde de la carretera.\r\n\r\nLa experiencia de Zamir sirve como un claro recordatorio de los desaf\u00edos que enfrentan las personas con sordoceguera para navegar en espacios p\u00fablicos y acceder a servicios esenciales. Su historia destaca las realidades y la discriminaci\u00f3n que enfrentan las personas con sordoceguera. Su historia subraya la urgente necesidad de crear conciencia y abogar por la igualdad de derechos y el respeto de las personas con discapacidad.\r\n\r\nAl resaltar la necesidad urgente de una mayor conciencia y sensibilidad entre los proveedores de transporte, as\u00ed como entre el p\u00fablico en general, la terrible experiencia de Zamir en el transporte p\u00fablico <strong>expone la necesidad apremiante de medidas proactivas para abordar las pr\u00e1cticas discriminatorias. Para abordar tales injusticias, es imperativo defender los derechos de las personas con sordoceguera y promover la concientizaci\u00f3n entre el p\u00fablico en general y los proveedores de servicios por igual. Las iniciativas destinadas a sensibilizar al personal de transporte e implementar pol\u00edticas inclusivas pueden mejorar significativamente las experiencias de las personas con sordoceguera en los espacios p\u00fablicos.<\/strong>\r\n\r\nEn conclusi\u00f3n, como defensores de la inclusi\u00f3n y la igualdad, debemos solidarizarnos con personas como Zamir y tomar medidas proactivas para desafiar las actitudes y pr\u00e1cticas discriminatorias. Al fomentar una cultura de comprensi\u00f3n y empat\u00eda, podemos crear una sociedad donde cada individuo, independientemente de sus capacidades, sea tratado con dignidad y respeto, aline\u00e1ndose con los marcos de derechos humanos.\r\n<\/span><\/pre>\n","protected":false},"excerpt":{"rendered":"<p>Las personas con sordoceguera suelen quedar excluidas de los servicios, el apoyo y la vida social debido a su discapacidad. El art\u00edculo 2 de la Convenci\u00f3n sobre los Derechos de las Personas con Discapacidad (CDPD) define la discriminaci\u00f3n por motivos de discapacidad como &#8220;cualquier distinci\u00f3n, exclusi\u00f3n o restricci\u00f3n por motivos de discapacidad que tenga por [&hellip;]<\/p>\n","protected":false},"author":5,"featured_media":8257,"comment_status":"closed","ping_status":"closed","sticky":false,"template":"","format":"standard","meta":{"_jetpack_memberships_contains_paid_content":false,"footnotes":""},"categories":[1],"tags":[],"class_list":["post-8255","post","type-post","status-publish","format-standard","has-post-thumbnail","hentry","category-news"],"jetpack_featured_media_url":"https:\/\/wfdb.eu\/wp-content\/uploads\/2024\/01\/Socialising-1.jpg","jetpack_sharing_enabled":true,"_links":{"self":[{"href":"https:\/\/wfdb.eu\/wp-json\/wp\/v2\/posts\/8255","targetHints":{"allow":["GET"]}}],"collection":[{"href":"https:\/\/wfdb.eu\/wp-json\/wp\/v2\/posts"}],"about":[{"href":"https:\/\/wfdb.eu\/wp-json\/wp\/v2\/types\/post"}],"author":[{"embeddable":true,"href":"https:\/\/wfdb.eu\/wp-json\/wp\/v2\/users\/5"}],"replies":[{"embeddable":true,"href":"https:\/\/wfdb.eu\/wp-json\/wp\/v2\/comments?post=8255"}],"version-history":[{"count":2,"href":"https:\/\/wfdb.eu\/wp-json\/wp\/v2\/posts\/8255\/revisions"}],"predecessor-version":[{"id":8296,"href":"https:\/\/wfdb.eu\/wp-json\/wp\/v2\/posts\/8255\/revisions\/8296"}],"wp:featuredmedia":[{"embeddable":true,"href":"https:\/\/wfdb.eu\/wp-json\/wp\/v2\/media\/8257"}],"wp:attachment":[{"href":"https:\/\/wfdb.eu\/wp-json\/wp\/v2\/media?parent=8255"}],"wp:term":[{"taxonomy":"category","embeddable":true,"href":"https:\/\/wfdb.eu\/wp-json\/wp\/v2\/categories?post=8255"},{"taxonomy":"post_tag","embeddable":true,"href":"https:\/\/wfdb.eu\/wp-json\/wp\/v2\/tags?post=8255"}],"curies":[{"name":"wp","href":"https:\/\/api.w.org\/{rel}","templated":true}]}}