{"id":8080,"date":"2023-12-12T12:03:30","date_gmt":"2023-12-12T11:03:30","guid":{"rendered":"https:\/\/wfdb.eu\/?p=8080"},"modified":"2023-12-12T19:07:13","modified_gmt":"2023-12-12T18:07:13","slug":"wfdb-publishes-a-letter-on-violations-of-human-rights-in-haiti-against-persons-with-deafblindness","status":"publish","type":"post","link":"https:\/\/wfdb.eu\/2023\/12\/12\/wfdb-publishes-a-letter-on-violations-of-human-rights-in-haiti-against-persons-with-deafblindness\/","title":{"rendered":"La WFDB publica un comunicado sobre violaciones de derechos humanos en Hait\u00ed contra personas con sordoceguera"},"content":{"rendered":"<p>La violencia en Hait\u00ed ha aumentado dr\u00e1sticamente desde principios de 2023. Esto incluye violaciones de los derechos humanos por parte de grupos criminales contra civiles, como asesinatos, secuestros, torturas y violaciones. Los grupos m\u00e1s desfavorecidos, como las personas con discapacidad, est\u00e1n siendo especialmente atacados.<\/p>\n<p>&nbsp;<\/p>\n<p>Amnist\u00eda Internacional, <em>Human Rights Watch<\/em> y la Oficina de Derechos Humanos de la ONU, entre otros, han publicado m\u00faltiples informes sobre el asunto y declaraciones p\u00fablicas pidiendo el cese de estas violaciones de derechos humanos.<\/p>\n<p>&nbsp;<\/p>\n<p>Con horror e indignaci\u00f3n, la Federaci\u00f3n Mundial de Sordociegos (WFDB) recibi\u00f3 una terrible noticia el pasado viernes 10 de noviembre por parte de nuestro miembro en Hait\u00ed, la Uni\u00f3n de Sordociegos Haitianos (UHDB). 25 miembros de su organizaci\u00f3n han sido secuestrados y varias mujeres con sordoceguera han sido agredidas sexualmente, torturadas y golpeadas por estas bandas armadas. Otras personas se han visto obligados a huir de sus hogares y buscar refugio en otros lugares, como en iglesias.<\/p>\n<p>Las personas con sordoceguera, entre otras personas con discapacidad, experimentan hambruna y viven en condiciones inhumanas.<\/p>\n<p><strong>WFDB condena fuertemente toda violencia contra civiles, personas con discapacidad y todas las personas vulnerables.<\/strong><\/p>\n<p><strong>La comunidad internacional debe mostrar su indignaci\u00f3n, solidaridad y cooperaci\u00f3n para detener esta situaci\u00f3n. Tambi\u00e9n debemos apoyar a las v\u00edctimas y garantizar su seguridad y bienestar, con especial atenci\u00f3n a los grupos desfavorecidos, como las personas con sordoceguera.<\/strong><\/p>\n<p><strong>&nbsp;<\/strong><strong>Avalado y apoyado por:<br \/>\n<\/strong><\/p>\n<ul>\n<li>Federaci\u00f3n Africana de Sordociegos (AFDB)<\/li>\n<li>Deafblind International (DbI)<\/li>\n<li>Union Europea de Sordociegos (EDbU)<\/li>\n<li>Foro Europeo de la Discapacidad (EDF)<\/li>\n<li>Alianza Internacional de Discapacidad (IDA)<\/li>\n<li>Consorcio Internacional de Discapacidad y Desarrollo (IDDC)<\/li>\n<li>Sense International<strong><br \/>\n<\/strong><\/li>\n<\/ul>\n<p><strong>Versiones disponibles<\/strong><\/p>\n<p><a href=\"https:\/\/wfdb.eu\/wp-content\/uploads\/2023\/12\/SP_WFDB_Public-statement-Haiti_FINAL-1.pdf\">Descargar Comunicado en Versi\u00f3n PDF en Espa\u00f1ol<\/a><\/p>\n<p><a href=\"https:\/\/wfdb.eu\/wp-content\/uploads\/2023\/12\/SP_WFDB_Public-statement-Haiti_FINAL-1.docx\">Descargar Comunicado en versi\u00f3n Word en Espa\u00f1ol<\/a><\/p>\n<p><a href=\"https:\/\/wfdb.eu\/wp-content\/uploads\/2023\/12\/ENG_WFDB_Public-statement-Haiti_FINAL.pdf\">Descargar Comunicado en Versi\u00f3n PDF Ingl\u00e9s<\/a><\/p>\n<p><a href=\"https:\/\/wfdb.eu\/wp-content\/uploads\/2023\/12\/ENG_WFDB_Public-statement-Haiti_FINAL.docx\">Descargar Comunicado en versi\u00f3n Word en Ingl\u00e9s<\/a><\/p>\n","protected":false},"excerpt":{"rendered":"<p>La violencia en Hait\u00ed ha aumentado dr\u00e1sticamente desde principios de 2023. Esto incluye violaciones de los derechos humanos por parte de grupos criminales contra civiles, como asesinatos, secuestros, torturas y violaciones. Los grupos m\u00e1s desfavorecidos, como las personas con discapacidad, est\u00e1n siendo especialmente atacados. &nbsp; Amnist\u00eda Internacional, Human Rights Watch y la Oficina de Derechos [&hellip;]<\/p>\n","protected":false},"author":5,"featured_media":8081,"comment_status":"closed","ping_status":"closed","sticky":false,"template":"","format":"standard","meta":{"_jetpack_memberships_contains_paid_content":false,"footnotes":""},"categories":[1],"tags":[],"class_list":["post-8080","post","type-post","status-publish","format-standard","has-post-thumbnail","hentry","category-news"],"jetpack_featured_media_url":"https:\/\/wfdb.eu\/wp-content\/uploads\/2023\/12\/logos2.png","jetpack_sharing_enabled":true,"_links":{"self":[{"href":"https:\/\/wfdb.eu\/wp-json\/wp\/v2\/posts\/8080","targetHints":{"allow":["GET"]}}],"collection":[{"href":"https:\/\/wfdb.eu\/wp-json\/wp\/v2\/posts"}],"about":[{"href":"https:\/\/wfdb.eu\/wp-json\/wp\/v2\/types\/post"}],"author":[{"embeddable":true,"href":"https:\/\/wfdb.eu\/wp-json\/wp\/v2\/users\/5"}],"replies":[{"embeddable":true,"href":"https:\/\/wfdb.eu\/wp-json\/wp\/v2\/comments?post=8080"}],"version-history":[{"count":4,"href":"https:\/\/wfdb.eu\/wp-json\/wp\/v2\/posts\/8080\/revisions"}],"predecessor-version":[{"id":8096,"href":"https:\/\/wfdb.eu\/wp-json\/wp\/v2\/posts\/8080\/revisions\/8096"}],"wp:featuredmedia":[{"embeddable":true,"href":"https:\/\/wfdb.eu\/wp-json\/wp\/v2\/media\/8081"}],"wp:attachment":[{"href":"https:\/\/wfdb.eu\/wp-json\/wp\/v2\/media?parent=8080"}],"wp:term":[{"taxonomy":"category","embeddable":true,"href":"https:\/\/wfdb.eu\/wp-json\/wp\/v2\/categories?post=8080"},{"taxonomy":"post_tag","embeddable":true,"href":"https:\/\/wfdb.eu\/wp-json\/wp\/v2\/tags?post=8080"}],"curies":[{"name":"wp","href":"https:\/\/api.w.org\/{rel}","templated":true}]}}