{"id":7864,"date":"2023-06-26T14:51:28","date_gmt":"2023-06-26T12:51:28","guid":{"rendered":"https:\/\/wfdb.eu\/?p=7864"},"modified":"2023-06-26T15:00:42","modified_gmt":"2023-06-26T13:00:42","slug":"wfdb-holds-its-3rd-workshop-on-the-shapes-project","status":"publish","type":"post","link":"https:\/\/wfdb.eu\/2023\/06\/26\/wfdb-holds-its-3rd-workshop-on-the-shapes-project\/","title":{"rendered":" WFDB organiza su 3er Taller sobre el Proyecto SHAPES"},"content":{"rendered":"<p><span data-contrast=\"auto\">El tercer y \u00faltimo taller t\u00e9cnico SHAPES de WFDB se llev\u00f3 a cabo en persona en Bruselas los d\u00edas 5 y 6 de junio de 2023.&nbsp;<\/span><\/p>\n<figure id=\"attachment_7868\" aria-describedby=\"caption-attachment-7868\" style=\"width: 413px\" class=\"wp-caption alignright\"><img loading=\"lazy\" decoding=\"async\" class=\" wp-image-7868\" title=\"\" src=\"https:\/\/wfdb.eu\/wp-content\/uploads\/2023\/06\/WhatsApp-Image-2023-06-26-at-13.25.54.jpeg\" alt=\"A group of people in a room\" width=\"413\" height=\"310\" srcset=\"https:\/\/wfdb.eu\/wp-content\/uploads\/2023\/06\/WhatsApp-Image-2023-06-26-at-13.25.54.jpeg 2048w, https:\/\/wfdb.eu\/wp-content\/uploads\/2023\/06\/WhatsApp-Image-2023-06-26-at-13.25.54-300x225.jpeg 300w, https:\/\/wfdb.eu\/wp-content\/uploads\/2023\/06\/WhatsApp-Image-2023-06-26-at-13.25.54-1024x768.jpeg 1024w, https:\/\/wfdb.eu\/wp-content\/uploads\/2023\/06\/WhatsApp-Image-2023-06-26-at-13.25.54-768x576.jpeg 768w, https:\/\/wfdb.eu\/wp-content\/uploads\/2023\/06\/WhatsApp-Image-2023-06-26-at-13.25.54-1536x1152.jpeg 1536w\" sizes=\"auto, (max-width: 413px) 100vw, 413px\" \/><figcaption id=\"caption-attachment-7868\" class=\"wp-caption-text\">Los participantes del taller debaten sobre el signo de &#8220;WFDB&#8221;&nbsp;<\/figcaption><\/figure>\n<p>WFDB es miembro del consorcio del Proyecto SHAPES (<em>Smart and Health Aging through People Engaging in Supportive Systems,<\/em> en ingl\u00e9s), financiado por la Uni\u00f3n Europea, cuyo objetivo es mejorar la salud, el bienestar y la independencia de las personas a medida que envejecen.<\/p>\n<p>El 3er Taller T\u00e9cnico cont\u00f3 con la participaci\u00f3n del Consejo Ejecutivo (CE) de la WFDB y los Representantes Regionales, Auditores, as\u00ed como el Presidente Francisco Trigueros (Espa\u00f1a) de la Uni\u00f3n Europea de Sordoceguera (EDBU). El taller fue una excelente oportunidad para validar las actividades realizadas hasta el momento y planificar con anticipaci\u00f3n para los meses restantes, as\u00ed como discutir la sostenibilidad y el impacto a largo plazo del proyecto.<\/p>\n<p>Al igual que en los talleres anteriores, uno de los objetivos de estas reuniones es garantizar el conocimiento adecuado y la propiedad del trabajo en curso de SHAPES a nivel de la CE, as\u00ed como fortalecer los lazos con Europa, las organizaciones de sordociegos y socios de SHAPES. Un aspecto clave de este taller es la influencia pol\u00edtica. Reunirse con diferentes partes interesadas brinda la oportunidad para que WFDB comparta su trabajo, pautas y recomendaciones sobre la inclusi\u00f3n de personas con sordoceguera.<\/p>\n<h2 aria-level=\"2\"><span data-contrast=\"none\">D\u00eda 1 del taller<\/span><span data-ccp-props=\"{&quot;201341983&quot;:0,&quot;335559738&quot;:40,&quot;335559739&quot;:0,&quot;335559740&quot;:259}\">&nbsp;<\/span><\/h2>\n<p>La presidenta de la WFDB, Sanja Tarczay, inaugur\u00f3 el taller con palabras de bienvenida, seguidas de la presentaci\u00f3n de los participantes, que incluyeron 9 personas con sordoceguera y sus gu\u00edas int\u00e9rpretes\/int\u00e9rpretes para sordociegos de los siguientes pa\u00edses: Croacia, Colombia, EE. UU., Malawi, Finlandia, Bulgaria , Rep\u00fablica Dominicana, Suecia y Espa\u00f1a.<\/p>\n<p>Lucia D&#8217;Arino, asesora del programa WFDB y punto focal del proyecto SHAPES, hizo una presentaci\u00f3n sobre SHAPES y proporcion\u00f3 informaci\u00f3n sobre el papel de WFDB en el proyecto SHAPES, as\u00ed como actualizaciones y actividades futuras. El papel de la WFDB en SHAPES es traer la perspectiva de la comunidad sordociega, coordinar y facilitar la participaci\u00f3n de las personas mayores con sordoceguera en toda Europa en el proyecto y contribuir con el conocimiento y la comprensi\u00f3n \u00fanicos de las personas sordociegas y sus diversas necesidades, incluso a trav\u00e9s de la producci\u00f3n de m\u00e1s evidencia y recomendaciones para mejorar la inclusi\u00f3n de las personas con sordoceguera. <a href=\"https:\/\/wfdb.eu\/es\/shapes-project\/\">Puede encontrar m\u00e1s informaci\u00f3n sobre el papel de WFDB en el proyecto aqu\u00ed.<\/a><\/p>\n<figure id=\"attachment_7870\" aria-describedby=\"caption-attachment-7870\" style=\"width: 309px\" class=\"wp-caption alignleft\"><img loading=\"lazy\" decoding=\"async\" class=\" wp-image-7870\" title=\"\" src=\"https:\/\/wfdb.eu\/wp-content\/uploads\/2023\/06\/WhatsApp-Image-2023-06-26-at-13.28.39-1.jpeg\" alt=\"A woman using a tablet\" width=\"309\" height=\"232\" srcset=\"https:\/\/wfdb.eu\/wp-content\/uploads\/2023\/06\/WhatsApp-Image-2023-06-26-at-13.28.39-1.jpeg 2048w, https:\/\/wfdb.eu\/wp-content\/uploads\/2023\/06\/WhatsApp-Image-2023-06-26-at-13.28.39-1-300x225.jpeg 300w, https:\/\/wfdb.eu\/wp-content\/uploads\/2023\/06\/WhatsApp-Image-2023-06-26-at-13.28.39-1-1024x768.jpeg 1024w, https:\/\/wfdb.eu\/wp-content\/uploads\/2023\/06\/WhatsApp-Image-2023-06-26-at-13.28.39-1-768x576.jpeg 768w, https:\/\/wfdb.eu\/wp-content\/uploads\/2023\/06\/WhatsApp-Image-2023-06-26-at-13.28.39-1-1536x1152.jpeg 1536w\" sizes=\"auto, (max-width: 309px) 100vw, 309px\" \/><figcaption id=\"caption-attachment-7870\" class=\"wp-caption-text\">Sanja testando la App &#8220;eCtouch&#8221;<\/figcaption><\/figure>\n<p>Se dedic\u00f3 una sesi\u00f3n a la presentaci\u00f3n de hallazgos preliminares sobre el futuro informe mundial de la WFDB sobre personas mayores con sordoceguera, a cargo del consultor de investigaci\u00f3n de la WFDB, Igor Kusin. El informe incluir\u00e1 los hallazgos del Proyecto SHAPES, as\u00ed como informaci\u00f3n sobre las barreras, recomendaciones y buenas pr\u00e1cticas sobre las personas mayores con sordoceguera en todo el mundo.<\/p>\n<p>Adem\u00e1s, las siguientes sesiones se dedicaron a recopilar aportes de los participantes sobre el futuro informe, con la oportunidad de compartir ideas, sugerencias y ejemplos.<\/p>\n<p>La \u00faltima parte del d\u00eda incluy\u00f3 una presentaci\u00f3n sobre la aplicaci\u00f3n &#8220;eCtouch&#8221; por parte de los representantes de Omnitor, una empresa sueca que tambi\u00e9n es socia del Proyecto SHAPES. Es un servicio de comunicaci\u00f3n en tiempo real, similar a Skype, con muchas otras caracter\u00edsticas que pretende ser accesible para muchos grupos de personas con sordoceguera.<\/p>\n<p>Los participantes e int\u00e9rpretes-gu\u00edas\/int\u00e9rpretes de Sordoceguera tuvieron la oportunidad de descargar estas aplicaciones en sus dispositivos personales o prestados y proporcionar informaci\u00f3n sobre su utilidad, accesibilidad, usabilidad, etc.<\/p>\n<h2 aria-level=\"2\"><span data-contrast=\"none\">D\u00eda 2 del taller<\/span><span data-ccp-props=\"{&quot;201341983&quot;:0,&quot;335559738&quot;:40,&quot;335559739&quot;:0,&quot;335559740&quot;:259}\">&nbsp;<\/span><\/h2>\n<figure id=\"attachment_7869\" aria-describedby=\"caption-attachment-7869\" style=\"width: 528px\" class=\"wp-caption alignright\"><img loading=\"lazy\" decoding=\"async\" class=\" wp-image-7869\" title=\"\" src=\"https:\/\/wfdb.eu\/wp-content\/uploads\/2023\/06\/WhatsApp-Image-2023-06-26-at-13.26.03-1.jpeg\" alt=\"4 women at a table and a presentation showing behind them\" width=\"528\" height=\"396\" srcset=\"https:\/\/wfdb.eu\/wp-content\/uploads\/2023\/06\/WhatsApp-Image-2023-06-26-at-13.26.03-1.jpeg 2048w, https:\/\/wfdb.eu\/wp-content\/uploads\/2023\/06\/WhatsApp-Image-2023-06-26-at-13.26.03-1-300x225.jpeg 300w, https:\/\/wfdb.eu\/wp-content\/uploads\/2023\/06\/WhatsApp-Image-2023-06-26-at-13.26.03-1-1024x768.jpeg 1024w, https:\/\/wfdb.eu\/wp-content\/uploads\/2023\/06\/WhatsApp-Image-2023-06-26-at-13.26.03-1-768x576.jpeg 768w, https:\/\/wfdb.eu\/wp-content\/uploads\/2023\/06\/WhatsApp-Image-2023-06-26-at-13.26.03-1-1536x1152.jpeg 1536w\" sizes=\"auto, (max-width: 528px) 100vw, 528px\" \/><figcaption id=\"caption-attachment-7869\" class=\"wp-caption-text\">De derecha a izquierda, Dijana, la int\u00e9rprete de Sanja, Sanja, Lucia y Catherine Naughton de EDF<\/figcaption><\/figure>\n<p>La sesi\u00f3n de la ma\u00f1ana incluy\u00f3 una reuni\u00f3n con la directora del Foro Europeo de la Discapacidad (EDF), Catherine Naughton, para discutir las actividades recientes de ambas organizaciones y la colaboraci\u00f3n futura.<\/p>\n<p>Posteriormente, la WFDB realiz\u00f3 una reuni\u00f3n de Directorio donde se debatieron asuntos internos.<\/p>\n<p>Por la tarde, se llev\u00f3 a cabo un evento en el Parlamento Europeo, organizado por el eurodiputado Adam Kosa y la eurodiputada Rosa Estar\u00e0s Ferragut, sobre el tema &#8220;Presentaci\u00f3n del segundo informe mundial de la WFDB sobre la inclusi\u00f3n de las personas con sordoceguera y el Proyecto SHAPES&#8221;. <a href=\"https:\/\/wfdb.eu\/es\/2023\/06\/08\/wfdb-presents-its-2nd-global-report-and-shapes-project-at-the-european-parliament-in-brussels\/\">Encuentre m\u00e1s informaci\u00f3n sobre este evento aqu\u00ed.<\/a><\/p>\n<p>Agradecemos a la Junta y al personal de la WFDB por la participaci\u00f3n, as\u00ed como a los organizadores del evento, que incluyen a International Disability Alliance (IDA).<\/p>\n","protected":false},"excerpt":{"rendered":"<p>El tercer y \u00faltimo taller t\u00e9cnico SHAPES de WFDB se llev\u00f3 a cabo en persona en Bruselas los d\u00edas 5 y 6 de junio de 2023.&nbsp; Los participantes del taller debaten sobre el signo de &#8220;WFDB&#8221;&nbsp; WFDB es miembro del consorcio del Proyecto SHAPES (Smart and Health Aging through People Engaging in Supportive Systems, en [&hellip;]<\/p>\n","protected":false},"author":5,"featured_media":7873,"comment_status":"closed","ping_status":"closed","sticky":false,"template":"","format":"standard","meta":{"_jetpack_memberships_contains_paid_content":false,"footnotes":""},"categories":[1],"tags":[],"class_list":["post-7864","post","type-post","status-publish","format-standard","has-post-thumbnail","hentry","category-news"],"jetpack_featured_media_url":"https:\/\/wfdb.eu\/wp-content\/uploads\/2023\/06\/WhatsApp-Image-2023-06-26-at-13.26.00.jpeg","jetpack_sharing_enabled":true,"_links":{"self":[{"href":"https:\/\/wfdb.eu\/wp-json\/wp\/v2\/posts\/7864","targetHints":{"allow":["GET"]}}],"collection":[{"href":"https:\/\/wfdb.eu\/wp-json\/wp\/v2\/posts"}],"about":[{"href":"https:\/\/wfdb.eu\/wp-json\/wp\/v2\/types\/post"}],"author":[{"embeddable":true,"href":"https:\/\/wfdb.eu\/wp-json\/wp\/v2\/users\/5"}],"replies":[{"embeddable":true,"href":"https:\/\/wfdb.eu\/wp-json\/wp\/v2\/comments?post=7864"}],"version-history":[{"count":2,"href":"https:\/\/wfdb.eu\/wp-json\/wp\/v2\/posts\/7864\/revisions"}],"predecessor-version":[{"id":7872,"href":"https:\/\/wfdb.eu\/wp-json\/wp\/v2\/posts\/7864\/revisions\/7872"}],"wp:featuredmedia":[{"embeddable":true,"href":"https:\/\/wfdb.eu\/wp-json\/wp\/v2\/media\/7873"}],"wp:attachment":[{"href":"https:\/\/wfdb.eu\/wp-json\/wp\/v2\/media?parent=7864"}],"wp:term":[{"taxonomy":"category","embeddable":true,"href":"https:\/\/wfdb.eu\/wp-json\/wp\/v2\/categories?post=7864"},{"taxonomy":"post_tag","embeddable":true,"href":"https:\/\/wfdb.eu\/wp-json\/wp\/v2\/tags?post=7864"}],"curies":[{"name":"wp","href":"https:\/\/api.w.org\/{rel}","templated":true}]}}