{"id":4273,"date":"2021-07-21T15:36:33","date_gmt":"2021-07-21T13:36:33","guid":{"rendered":"https:\/\/test.wfdb.eu\/?p=4273"},"modified":"2021-07-23T00:36:04","modified_gmt":"2021-07-22T22:36:04","slug":"are-you-a-person-with-deafblindness-complete-idas-2nd-survey-on-opds-participation","status":"publish","type":"post","link":"https:\/\/wfdb.eu\/2021\/07\/21\/are-you-a-person-with-deafblindness-complete-idas-2nd-survey-on-opds-participation\/","title":{"rendered":"\u00bfEres una persona con sordoceguera? Rellena la segunda encuesta de IDA sobre la participaci\u00f3n de las OPD"},"content":{"rendered":"<p><strong>La International Disability Alliance (IDA) ha lanzado su segunda encuesta global sobre la participaci\u00f3n de organizaciones de personas con discapacidad en pol\u00edticas y programas. \u00a1Se anima a todos los activistas y defensores a participar!<\/strong><\/p>\n<p><a href=\"https:\/\/idata.tools\/survey\/idaglobalsurvey?forcelatest=true\">Haz clic aqu\u00ed para acceder a la Encuesta Mundial de IDA<\/a><\/p>\n<h3>\u00bfPor qu\u00e9 esta encuesta?<\/h3>\n<p>IDA quiere escuchar a los activistas \/ defensores de la discapacidad activos en organizaciones de personas con discapacidad, para conocer la forma en que participan en las pol\u00edticas y programas desarrollados por gobiernos y socios internacionales.<\/p>\n<p>La encuesta es parte de una estrategia para monitorear la participaci\u00f3n significativa de los OPD y responsabilizar a los tomadores de decisiones, de conformidad con los art\u00edculos 4.3 y 32 de la Convenci\u00f3n de las Naciones Unidas sobre los derechos de las personas con discapacidad.<\/p>\n<p>IDA realiz\u00f3 una primera encuesta de este tipo en diciembre de 2018 (informe disponible <a href=\"https:\/\/www.internationaldisabilityalliance.org\/sites\/default\/files\/global_survey_final_summary_spanish.pdf\">aqu\u00ed<\/a>).<\/p>\n<h3>\u00bfQui\u00e9n puede responder a esta encuesta?<\/h3>\n<p>&nbsp;<\/p>\n<p><img loading=\"lazy\" decoding=\"async\" class=\"aligncenter wp-image-4294 size-large\" src=\"https:\/\/wfdb.eu\/wp-content\/uploads\/2021\/07\/ESP-Survey-banner-1-1024x576.png\" alt=\"\" width=\"800\" height=\"450\" srcset=\"https:\/\/wfdb.eu\/wp-content\/uploads\/2021\/07\/ESP-Survey-banner-1-1024x576.png 1024w, https:\/\/wfdb.eu\/wp-content\/uploads\/2021\/07\/ESP-Survey-banner-1-300x169.png 300w, https:\/\/wfdb.eu\/wp-content\/uploads\/2021\/07\/ESP-Survey-banner-1-768x432.png 768w, https:\/\/wfdb.eu\/wp-content\/uploads\/2021\/07\/ESP-Survey-banner-1-1536x864.png 1536w, https:\/\/wfdb.eu\/wp-content\/uploads\/2021\/07\/ESP-Survey-banner-1-2048x1152.png 2048w\" sizes=\"auto, (max-width: 800px) 100vw, 800px\" \/><\/p>\n<p>La encuesta en l\u00ednea es para activistas \/ defensores involucrados en organizaciones de personas con discapacidad (OPD), incluidos miembros, personal y voluntarios.<\/p>\n<p><strong> Alentamos a las personas con sordoceguera y sus organizaciones representativas a completar la encuesta. <\/strong><\/p>\n<p>Tu participaci\u00f3n es totalmente voluntaria. Puede decidir retirarse en cualquier momento.<\/p>\n<p><a href=\"https:\/\/idata.tools\/survey\/idaglobalsurvey?forcelatest=true\">M\u00e1s informaci\u00f3n en la pagina web oficial de IDA<\/a><\/p>\n","protected":false},"excerpt":{"rendered":"<p>La International Disability Alliance (IDA) ha lanzado su segunda encuesta global sobre la participaci\u00f3n de organizaciones de personas con discapacidad en pol\u00edticas y programas. \u00a1Se anima a todos los activistas y defensores a participar! Haz clic aqu\u00ed para acceder a la Encuesta Mundial de IDA \u00bfPor qu\u00e9 esta encuesta? IDA quiere escuchar a los activistas [&hellip;]<\/p>\n","protected":false},"author":5,"featured_media":4391,"comment_status":"closed","ping_status":"closed","sticky":false,"template":"","format":"standard","meta":{"_jetpack_memberships_contains_paid_content":false,"footnotes":""},"categories":[1],"tags":[],"class_list":["post-4273","post","type-post","status-publish","format-standard","has-post-thumbnail","hentry","category-news"],"jetpack_featured_media_url":"https:\/\/wfdb.eu\/wp-content\/uploads\/2021\/07\/ENG-survey-banner1_page-0001.jpg","jetpack_sharing_enabled":true,"_links":{"self":[{"href":"https:\/\/wfdb.eu\/wp-json\/wp\/v2\/posts\/4273","targetHints":{"allow":["GET"]}}],"collection":[{"href":"https:\/\/wfdb.eu\/wp-json\/wp\/v2\/posts"}],"about":[{"href":"https:\/\/wfdb.eu\/wp-json\/wp\/v2\/types\/post"}],"author":[{"embeddable":true,"href":"https:\/\/wfdb.eu\/wp-json\/wp\/v2\/users\/5"}],"replies":[{"embeddable":true,"href":"https:\/\/wfdb.eu\/wp-json\/wp\/v2\/comments?post=4273"}],"version-history":[{"count":5,"href":"https:\/\/wfdb.eu\/wp-json\/wp\/v2\/posts\/4273\/revisions"}],"predecessor-version":[{"id":4411,"href":"https:\/\/wfdb.eu\/wp-json\/wp\/v2\/posts\/4273\/revisions\/4411"}],"wp:featuredmedia":[{"embeddable":true,"href":"https:\/\/wfdb.eu\/wp-json\/wp\/v2\/media\/4391"}],"wp:attachment":[{"href":"https:\/\/wfdb.eu\/wp-json\/wp\/v2\/media?parent=4273"}],"wp:term":[{"taxonomy":"category","embeddable":true,"href":"https:\/\/wfdb.eu\/wp-json\/wp\/v2\/categories?post=4273"},{"taxonomy":"post_tag","embeddable":true,"href":"https:\/\/wfdb.eu\/wp-json\/wp\/v2\/tags?post=4273"}],"curies":[{"name":"wp","href":"https:\/\/api.w.org\/{rel}","templated":true}]}}