{"id":3200,"date":"2020-12-02T18:23:24","date_gmt":"2020-12-02T17:23:24","guid":{"rendered":"https:\/\/www.wfdb.eu\/?p=3200"},"modified":"2021-06-22T11:15:23","modified_gmt":"2021-06-22T09:15:23","slug":"wfdb-celebrates-international-day-of-persons-with-disabilities-2020","status":"publish","type":"post","link":"https:\/\/wfdb.eu\/2020\/12\/02\/wfdb-celebrates-international-day-of-persons-with-disabilities-2020\/","title":{"rendered":"WFDB celebra el d\u00eda internacional de las personas con discapacidad 2020"},"content":{"rendered":"<p>El 3 de diciembre se conmemora el <strong>D\u00eda Internacional de las Personas con Discapacidad<\/strong>, que fue proclamado en 1992 por la Asamblea General de las Naciones Unidas, y tiene como objetivo promover los derechos y el bienestar de las personas con discapacidad en todas las esferas de la sociedad y el desarrollo, y aumentar conciencia de la situaci\u00f3n de las personas con discapacidad en todos los aspectos de la vida pol\u00edtica, social, econ\u00f3mica y cultural. El tema de 2020 es <strong>&#8220;No todas las discapacidades son visibles&#8221;<\/strong>, tambi\u00e9n se centra en crear conciencia y comprensi\u00f3n sobre las discapacidades que no son evidentes de inmediato, como las discapacidades visuales o auditivas, enfermedades mentales, lesiones cerebrales, etc.<\/p>\n<p>&nbsp;<\/p>\n<p>La pandemia de COVID-19 ha tenido un gran impacto en la vida y la salud mental de las personas con discapacidad, incluidas las personas con sordoceguera en todo el mundo, con rutinas interrumpidas, aislamiento y servicios afectados.<\/p>\n<p><strong>En WFDB, durante 2020 hemos centrado nuestro trabajo en: <\/strong><\/p>\n<ul>\n<li aria-multiline=\"true\" aria-label=\"Paragraph block\">Fortalecer nuestras relaciones y asociaciones con varias organizaciones, incluyendo IDA y el reclutamiento exitoso de nuevo personal clave para desarollar nuestro trabajo.<\/li>\n<li aria-multiline=\"true\" aria-label=\"Paragraph block\">Abogar por una respuesta inclusiva de la COVID-19. Hemos publicado una serie de <a href=\"https:\/\/wfdb.eu\/wp-content\/uploads\/2020\/04\/Recomendaci%C3%B3n-conjunta-sordociegos-COVID19-15.04.20.docx\">recomendaciones sobre pol\u00edticas inclusivas para la comunidad mundial de personas con sordoceguera <\/a>y creamos una <a href=\"https:\/\/wfdb.eu\/es\/2020\/04\/17\/covid-19-and-deafblindness\/\">secci\u00f3n en nuestra p\u00e1gina web<\/a> sobre el tema.<\/li>\n<li aria-multiline=\"true\" aria-label=\"Paragraph block\">Asegurar que la perspectiva de las personas con discapacidad, y en concreto aquellas con sordoceguera est\u00e9n incluidas en el <a href=\"https:\/\/wfdb.eu\/es\/shapes-project\/\">proyecto SHAPES<\/a>, en el cual estamos involucrados como socios del consorcio.<\/li>\n<li aria-multiline=\"true\" aria-label=\"Paragraph block\">Celebrar del d\u00eda 27 de junio: <a href=\"https:\/\/wfdb.eu\/es\/2020\/06\/26\/june-27th-a-historic-day-to-acknowledge-the-rights-of-persons-with-deafblindness\/\" data-rich-text-format-boundary=\"true\">un d\u00eda hist\u00f3rico para reconocer los derechos de las personas con sordoceguera <\/a><\/li>\n<li aria-multiline=\"true\" aria-label=\"Paragraph block\">Dar los primeros pasos para iniciar el proceso de redacci\u00f3n del segundo informe global sobre sordoceguera (basado en las conclusiones del <a href=\"https:\/\/wfdb.eu\/es\/wfdb-report-2018\/\" data-rich-text-format-boundary=\"true\">primer informe global sobre sordoceguera desarrollado en 2018<\/a>) que se publicar\u00e1 en 2022, y presentar\u00e1 las mejores pr\u00e1cticas sobre los problemas identificados en el primer informe .<\/li>\n<li aria-multiline=\"true\" aria-label=\"Paragraph block\">Preparar la campa\u00f1a mundial para abogar por el reconocimiento universal y el reconocimiento de la sordoceguera como un grupo de discapacidad \u00fanico y distinto.<\/li>\n<\/ul>\n<p aria-multiline=\"true\" aria-label=\"Paragraph block\"><strong data-rich-text-format-boundary=\"true\">En 2021 nuestro objetivo es: <\/strong><\/p>\n<ul>\n<li aria-multiline=\"true\" aria-label=\"Paragraph block\">Lanzar manual con herramientas para abogar por los derechos de las personas con sordoceguera.<\/li>\n<li aria-multiline=\"true\" aria-label=\"Paragraph block\">Progresar en el segundo informe mundial sobre sordoceguera<\/li>\n<li aria-multiline=\"true\" aria-label=\"Paragraph block\">Lanzar la campa\u00f1a mundial de reconocimiento de la sordoceguera.<\/li>\n<li aria-multiline=\"true\" aria-label=\"Paragraph block\">Fortalecer la promoci\u00f3n de personas con sordoceguera, especialmente en \u00c1frica subsahariana con dos puestos de becario que apoyan a la WFDB, organizaciones regionales y nacionales de personas con sordoceguera.<\/li>\n<\/ul>\n<p aria-multiline=\"true\" aria-label=\"Paragraph block\">[:]<\/p>\n<p>&nbsp;<\/p>\n","protected":false},"excerpt":{"rendered":"<p>El 3 de diciembre se conmemora el D\u00eda Internacional de las Personas con Discapacidad, que fue proclamado en 1992 por la Asamblea General de las Naciones Unidas, y tiene como objetivo promover los derechos y el bienestar de las personas con discapacidad en todas las esferas de la sociedad y el desarrollo, y aumentar conciencia [&hellip;]<\/p>\n","protected":false},"author":2,"featured_media":0,"comment_status":"open","ping_status":"open","sticky":false,"template":"","format":"standard","meta":{"_jetpack_memberships_contains_paid_content":false,"footnotes":""},"categories":[1],"tags":[],"class_list":["post-3200","post","type-post","status-publish","format-standard","hentry","category-news"],"jetpack_featured_media_url":"","jetpack_sharing_enabled":true,"_links":{"self":[{"href":"https:\/\/wfdb.eu\/wp-json\/wp\/v2\/posts\/3200","targetHints":{"allow":["GET"]}}],"collection":[{"href":"https:\/\/wfdb.eu\/wp-json\/wp\/v2\/posts"}],"about":[{"href":"https:\/\/wfdb.eu\/wp-json\/wp\/v2\/types\/post"}],"author":[{"embeddable":true,"href":"https:\/\/wfdb.eu\/wp-json\/wp\/v2\/users\/2"}],"replies":[{"embeddable":true,"href":"https:\/\/wfdb.eu\/wp-json\/wp\/v2\/comments?post=3200"}],"version-history":[{"count":8,"href":"https:\/\/wfdb.eu\/wp-json\/wp\/v2\/posts\/3200\/revisions"}],"predecessor-version":[{"id":3552,"href":"https:\/\/wfdb.eu\/wp-json\/wp\/v2\/posts\/3200\/revisions\/3552"}],"wp:attachment":[{"href":"https:\/\/wfdb.eu\/wp-json\/wp\/v2\/media?parent=3200"}],"wp:term":[{"taxonomy":"category","embeddable":true,"href":"https:\/\/wfdb.eu\/wp-json\/wp\/v2\/categories?post=3200"},{"taxonomy":"post_tag","embeddable":true,"href":"https:\/\/wfdb.eu\/wp-json\/wp\/v2\/tags?post=3200"}],"curies":[{"name":"wp","href":"https:\/\/api.w.org\/{rel}","templated":true}]}}